{"id":1447,"date":"2020-01-23T08:38:13","date_gmt":"2020-01-23T07:38:13","guid":{"rendered":"http:\/\/sente-blog2020.lama-projekty.pl\/?p=1447"},"modified":"2023-03-10T16:25:44","modified_gmt":"2023-03-10T15:25:44","slug":"jpk_v7-kogo-obowiazuje-i-jakie-istotne-zmiany-wprowadzi","status":"publish","type":"post","link":"https:\/\/sente.pl\/blog\/jpk_v7-kogo-obowiazuje-i-jakie-istotne-zmiany-wprowadzi\/","title":{"rendered":"JPK_V7 \u2013 kogo obowi\u0105zuje i jakie istotne zmiany wprowadzi?"},"content":{"rendered":"<div class=\"mceContentBody mceFrontEnd \"><p>[vc_row][vc_column][vc_custom_heading text=&#8221;JPK_V7 \u2013 kogo obowi\u0105zuje i jakie istotne zmiany wprowadzi?&#8221; font_container=&#8221;tag:h1|text_align:left&#8221; use_theme_fonts=&#8221;yes&#8221;][vc_column_text]<span style=\"font-weight: 400;\">JPK_V7 to nowy, jednolity dokument elektroniczny, kt\u00f3ry zast\u0105pi dotychczas funkcjonuj\u0105ce deklaracje, a zarazem u\u0142atwi rozliczenia podatkowe. Wprowadzenie nowej struktury zosta\u0142o podzielone na dwa etapy, kt\u00f3re odb\u0119d\u0105 si\u0119 kolejno 1 kwietnia oraz 1 lipca 2020 roku.<\/span>[\/vc_column_text][\/vc_column][\/vc_row][vc_row][vc_column][vc_custom_heading text=&#8221;Kto i od kiedy?&#8221; use_theme_fonts=&#8221;yes&#8221;][\/vc_column][\/vc_row][vc_row][vc_column][vc_column_text]<span style=\"font-weight: 400;\">JPK_V7 b\u0119dzie sk\u0142ada\u0107 si\u0119 z dw\u00f3ch cz\u0119\u015bci: ewidencyjnej i deklaracyjnej. Obowi\u0105zkiem rozliczania si\u0119 poprzez nowy dokument zostan\u0105 obj\u0119ci wszyscy b\u0119d\u0105cy zarejestrowani jako czynni podatnicy VAT.<\/span><\/p>\n<ul>\n<li><span style=\"font-weight: 400;\">1 kwietnia 2020 roku \u2013 zmiany zaczn\u0105 dotyczy\u0107 du\u017cych przedsi\u0119biorstw<\/span><\/li>\n<li style=\"font-weight: 400;\"><span style=\"font-weight: 400;\">1 lipca 2020 roku \u2013 obowi\u0105zek obejmie wszystkich (du\u017ce, \u015brednie, ma\u0142e i mikroprzedsi\u0119biorstwa)<\/span><\/li>\n<\/ul>\n<p>[\/vc_column_text][\/vc_column][\/vc_row][vc_row][vc_column]<div class=\"newsletter-form\">\n\t<div class=\"container\">\n\t\t<div class=\"row\">\n\t\t\t<div class=\"col-10 offset-1\">\n\t\t\t\t<h2>Zapisz si\u0119 na nasz newsletter &gt;&gt;<\/h2>\n\t\t\t\t<form id=\"newsletter-form\">\n\t\t\t\t\t<input type=\"hidden\" value=\"e.bednarz@sente.pl\" name=\"sent_email\">\n\t\t\t\t\t<label for=\"name\">\n\t\t\t\t\t\t<input type=\"email\" id=\"name\" name=\"name\" placeholder=\"Wpisz sw\u00f3j adres e-mail*\">\n\t\t\t\t\t\t<span class=\"error\">Prosz\u0119 poda\u0107 poprawny adres e-mail.<\/span>\n\t\t\t\t\t<\/label>\n\t\t\t\t\t<label for=\"policy\" class=\"checkbox__wrap\">\n\t\t\t\t\t\t<input type=\"checkbox\" id=\"policy\" name=\"policy\">\n\t\t\t\t\t\t<div class=\"checkbox\"><\/div>\n\t\t\t\t\t\t<span class=\"text\">Zapozna\u0142em si\u0119 z <a href=\"https:\/\/sente.pl\/polityka-prywatnosci-2\/\">polityk\u0105 prywatno\u015bci<\/a> i wyra\u017cam zgod\u0119 na przetwarzanie moich danych osobowych*<\/span>\n\t\t\t\t\t\t<span class=\"error\">To pole jest wymagane.<\/span>\n\t\t\t\t\t<\/label>\n\t\t\t\t\t<div class=\"recaptcha\">\n\t\t\t\t\t\t<div class=\"g-recaptcha\" data-sitekey=\"6LfYg1orAAAAABwLaWo34dOmwZ9CsqBedvqWUb6a\"><\/div>\n\t\t\t\t\t\t<p class=\"recaptcha-response-error\">Prosz\u0119 potwierdzi\u0107, \u017ce nie jeste\u015b robotem.<\/p>\n\t\t\t\t\t<\/div>\n\t\t\t\t\t<div class=\"submit\">\n\t\t\t\t\t\t<div class=\"loader\"><\/div><button type=\"submit\">Zapisz si\u0119<\/button>\n\t\t\t\t\t<\/div>\n\t\t\t\t\t<div class=\"message\"><\/div>\n\t\t\t\t<\/form>\n\t\t\t<\/div>\n\t\t<\/div>\n\t<\/div>\n<\/div>\n[vc_custom_heading text=&#8221;Nowa struktura \u2013 istotne zmiany&#8221; use_theme_fonts=&#8221;yes&#8221;][\/vc_column][\/vc_row][vc_row][vc_column][vc_column_text]<span style=\"font-weight: 400;\">Obecnie przedsi\u0119biorcy s\u0105 zobligowani do przesy\u0142ania do Urz\u0119du Skarbowego deklaracji VAT-7 i VAT-7K oraz JPK_VAT w ka\u017cdym miesi\u0105cu. Po zmianie, podatnik b\u0119dzie wysy\u0142a\u0107 tylko jeden dokument, zawieraj\u0105cy wszystkie pozycje z dotychczasowych deklaracji. Przygotowane zosta\u0142y dwa warianty nowej dokumentacji: JPK_V7M \u2013 dla podatnik\u00f3w rozliczaj\u0105cych si\u0119 miesi\u0119cznie i JPK_V7K \u2013 dla rozliczaj\u0105cych si\u0119 kwartalnie. Je\u015bli chodzi o podatnik\u00f3w, kt\u00f3rzy rozlicza\u0107 b\u0119d\u0105 si\u0119 co kwarta\u0142, s\u0105 oni zobowi\u0105zani do przesy\u0142ania co miesi\u0105c cz\u0119\u015bci ewidencyjnej, za\u015b po ka\u017cdym trzecim miesi\u0105cu: cz\u0119\u015bci deklaratywnej.\u00a0<\/span><br \/>\n<span style=\"font-weight: 400;\">JPK_V7 b\u0119dzie sk\u0142adany jedynie drog\u0105 elektroniczn\u0105 do 25 dnia miesi\u0105ca za miesi\u0105c poprzedni (wyj\u0105tek stanowi sytuacja, w kt\u00f3rej 25 dzie\u0144 miesi\u0105ca wypada w sobot\u0119, niedziel\u0119 lub dzie\u0144 ustawowo wolny od pracy \u2013 w\u00f3wczas b\u0119dzie to najbli\u017cszy dzie\u0144 roboczy).<\/span>[\/vc_column_text][\/vc_column][\/vc_row][vc_row][vc_column][vc_custom_heading text=&#8221;JPK_V7 w systemie Teneum&#8221; use_theme_fonts=&#8221;yes&#8221;][\/vc_column][\/vc_row][vc_row][vc_column][vc_column_text]<span style=\"font-weight: 400;\">Wprowadzenie nowego sposobu rozliczania VAT jest kolejn\u0105 z serii zmian prawnych wchodz\u0105cych w \u017cycie w 2020 roku. Stanowi\u0105 one wyzwanie dla system\u00f3w informatycznych, kt\u00f3re musz\u0105 by\u0107 dostosowywane i aktualizowane tak, aby odzwierciedla\u0107 bie\u017c\u0105ce zapotrzebowanie ich u\u017cytkownik\u00f3w. Wszyscy klienci Sente zostali poinformowani o zmianach prawnych, a system <a href=\"https:\/\/sente.pl\/system-erp\/\">Teneum<\/a> zosta\u0142 dostosowany do nowych wymog\u00f3w. Wszystkie aktualizacje zostan\u0105 udost\u0119pnione w terminach wynikaj\u0105cych z potrzeb konkretnych klient\u00f3w.<\/span>[\/vc_column_text][\/vc_column][\/vc_row][vc_row][vc_column][\/vc_column][\/vc_row]<\/p>\n<\/div>","protected":false},"excerpt":{"rendered":"<p>JPK_V7 to nowy spos\u00f3b rozliczania VATu, kt\u00f3rych zast\u0105pi dotychczas obowi\u0105zuj\u0105ce deklaracje. Sprawd\u017a od kiedy wchodzi w \u017cycie i kogo b\u0119dzie dotyczy\u0107.<\/p>\n","protected":false},"author":30,"featured_media":1449,"comment_status":"open","ping_status":"open","sticky":false,"template":"","format":"standard","meta":{"_acf_changed":false,"footnotes":""},"categories":[4],"class_list":["post-1447","post","type-post","status-publish","has-post-thumbnail","hentry","category-erp"],"acf":[],"yoast_head":"<!-- This site is optimized with the Yoast SEO Premium plugin v21.1 (Yoast SEO v26.9) - https:\/\/yoast.com\/product\/yoast-seo-premium-wordpress\/ -->\n<title>JPK_V7 \u2013 kogo obowi\u0105zuje i jakie zmiany wprowadzi? \u2013 blog Sente<\/title>\n<meta name=\"description\" content=\"JPK_V7 to nowy spos\u00f3b rozliczania VATu, kt\u00f3rych zast\u0105pi dotychczas obowi\u0105zuj\u0105ce deklaracje. Sprawd\u017a od kiedy wchodzi w \u017cycie i kogo b\u0119dzie dotyczy\u0107.\" \/>\n<meta name=\"robots\" content=\"index, follow, max-snippet:-1, max-image-preview:large, max-video-preview:-1\" \/>\n<link rel=\"canonical\" href=\"https:\/\/sente.pl\/blog\/jpk_v7-kogo-obowiazuje-i-jakie-istotne-zmiany-wprowadzi\/\" \/>\n<meta property=\"og:locale\" content=\"pl_PL\" \/>\n<meta property=\"og:type\" content=\"article\" \/>\n<meta property=\"og:title\" content=\"JPK_V7 \u2013 kogo obowi\u0105zuje i jakie istotne zmiany wprowadzi? \u2013 blog Sente\" \/>\n<meta property=\"og:description\" content=\"JPK_V7 to nowy spos\u00f3b rozliczania VATu, kt\u00f3rych zast\u0105pi dotychczas obowi\u0105zuj\u0105ce deklaracje. Sprawd\u017a od kiedy wchodzi w \u017cycie i kogo b\u0119dzie dotyczy\u0107.\" \/>\n<meta property=\"og:url\" content=\"https:\/\/sente.pl\/blog\/jpk_v7-kogo-obowiazuje-i-jakie-istotne-zmiany-wprowadzi\/\" \/>\n<meta property=\"og:site_name\" content=\"Blog Sente\" \/>\n<meta property=\"article:published_time\" content=\"2020-01-23T07:38:13+00:00\" \/>\n<meta property=\"article:modified_time\" content=\"2023-03-10T15:25:44+00:00\" \/>\n<meta property=\"og:image\" content=\"https:\/\/sente.pl\/blog\/wp-content\/uploads\/sites\/2\/2020\/01\/jpk-vat7-scaled-1.jpeg\" \/>\n\t<meta property=\"og:image:width\" content=\"2560\" \/>\n\t<meta property=\"og:image:height\" content=\"1707\" \/>\n\t<meta property=\"og:image:type\" content=\"image\/jpeg\" \/>\n<meta name=\"author\" content=\"Julia Wlaz\u0142o\" \/>\n<meta name=\"twitter:card\" content=\"summary_large_image\" \/>\n<meta name=\"twitter:title\" content=\"JPK_V7 \u2013 kogo obowi\u0105zuje i jakie istotne zmiany wprowadzi?\" \/>\n<meta name=\"twitter:label1\" content=\"Napisane przez\" \/>\n\t<meta name=\"twitter:data1\" content=\"Julia Wlaz\u0142o\" \/>\n\t<meta name=\"twitter:label2\" content=\"Szacowany czas czytania\" \/>\n\t<meta name=\"twitter:data2\" content=\"2 minuty\" \/>\n<script type=\"application\/ld+json\" class=\"yoast-schema-graph\">{\"@context\":\"https:\/\/schema.org\",\"@graph\":[{\"@type\":\"Article\",\"@id\":\"https:\/\/sente.pl\/blog\/jpk_v7-kogo-obowiazuje-i-jakie-istotne-zmiany-wprowadzi\/#article\",\"isPartOf\":{\"@id\":\"https:\/\/sente.pl\/blog\/jpk_v7-kogo-obowiazuje-i-jakie-istotne-zmiany-wprowadzi\/\"},\"author\":{\"name\":\"Julia Wlaz\u0142o\",\"@id\":\"https:\/\/sente.pl\/blog\/#\/schema\/person\/9873abf1b348919b5a4b56a2f0355412\"},\"headline\":\"JPK_V7 \u2013 kogo obowi\u0105zuje i jakie istotne zmiany wprowadzi?\",\"datePublished\":\"2020-01-23T07:38:13+00:00\",\"dateModified\":\"2023-03-10T15:25:44+00:00\",\"mainEntityOfPage\":{\"@id\":\"https:\/\/sente.pl\/blog\/jpk_v7-kogo-obowiazuje-i-jakie-istotne-zmiany-wprowadzi\/\"},\"wordCount\":495,\"commentCount\":0,\"publisher\":{\"@id\":\"https:\/\/sente.pl\/blog\/#organization\"},\"image\":{\"@id\":\"https:\/\/sente.pl\/blog\/jpk_v7-kogo-obowiazuje-i-jakie-istotne-zmiany-wprowadzi\/#primaryimage\"},\"thumbnailUrl\":\"https:\/\/sente.pl\/blog\/wp-content\/uploads\/sites\/2\/2020\/01\/jpk-vat7-scaled-1.jpeg\",\"keywords\":[\"HOME\"],\"articleSection\":[\"ERP\"],\"inLanguage\":\"pl-PL\",\"potentialAction\":[{\"@type\":\"CommentAction\",\"name\":\"Comment\",\"target\":[\"https:\/\/sente.pl\/blog\/jpk_v7-kogo-obowiazuje-i-jakie-istotne-zmiany-wprowadzi\/#respond\"]}]},{\"@type\":\"WebPage\",\"@id\":\"https:\/\/sente.pl\/blog\/jpk_v7-kogo-obowiazuje-i-jakie-istotne-zmiany-wprowadzi\/\",\"url\":\"https:\/\/sente.pl\/blog\/jpk_v7-kogo-obowiazuje-i-jakie-istotne-zmiany-wprowadzi\/\",\"name\":\"JPK_V7 \u2013 kogo obowi\u0105zuje i jakie zmiany wprowadzi? \u2013 blog Sente\",\"isPartOf\":{\"@id\":\"https:\/\/sente.pl\/blog\/#website\"},\"primaryImageOfPage\":{\"@id\":\"https:\/\/sente.pl\/blog\/jpk_v7-kogo-obowiazuje-i-jakie-istotne-zmiany-wprowadzi\/#primaryimage\"},\"image\":{\"@id\":\"https:\/\/sente.pl\/blog\/jpk_v7-kogo-obowiazuje-i-jakie-istotne-zmiany-wprowadzi\/#primaryimage\"},\"thumbnailUrl\":\"https:\/\/sente.pl\/blog\/wp-content\/uploads\/sites\/2\/2020\/01\/jpk-vat7-scaled-1.jpeg\",\"datePublished\":\"2020-01-23T07:38:13+00:00\",\"dateModified\":\"2023-03-10T15:25:44+00:00\",\"description\":\"JPK_V7 to nowy spos\u00f3b rozliczania VATu, kt\u00f3rych zast\u0105pi dotychczas obowi\u0105zuj\u0105ce deklaracje. Sprawd\u017a od kiedy wchodzi w \u017cycie i kogo b\u0119dzie dotyczy\u0107.\",\"breadcrumb\":{\"@id\":\"https:\/\/sente.pl\/blog\/jpk_v7-kogo-obowiazuje-i-jakie-istotne-zmiany-wprowadzi\/#breadcrumb\"},\"inLanguage\":\"pl-PL\",\"potentialAction\":[{\"@type\":\"ReadAction\",\"target\":[\"https:\/\/sente.pl\/blog\/jpk_v7-kogo-obowiazuje-i-jakie-istotne-zmiany-wprowadzi\/\"]}]},{\"@type\":\"ImageObject\",\"inLanguage\":\"pl-PL\",\"@id\":\"https:\/\/sente.pl\/blog\/jpk_v7-kogo-obowiazuje-i-jakie-istotne-zmiany-wprowadzi\/#primaryimage\",\"url\":\"https:\/\/sente.pl\/blog\/wp-content\/uploads\/sites\/2\/2020\/01\/jpk-vat7-scaled-1.jpeg\",\"contentUrl\":\"https:\/\/sente.pl\/blog\/wp-content\/uploads\/sites\/2\/2020\/01\/jpk-vat7-scaled-1.jpeg\",\"width\":2560,\"height\":1707,\"caption\":\"JPK_V7 zmiany prawne\"},{\"@type\":\"BreadcrumbList\",\"@id\":\"https:\/\/sente.pl\/blog\/jpk_v7-kogo-obowiazuje-i-jakie-istotne-zmiany-wprowadzi\/#breadcrumb\",\"itemListElement\":[{\"@type\":\"ListItem\",\"position\":1,\"name\":\"Strona g\u0142\u00f3wna\",\"item\":\"https:\/\/sente.pl\/blog\/\"},{\"@type\":\"ListItem\",\"position\":2,\"name\":\"JPK_V7 \u2013 kogo obowi\u0105zuje i jakie istotne zmiany wprowadzi?\"}]},{\"@type\":\"WebSite\",\"@id\":\"https:\/\/sente.pl\/blog\/#website\",\"url\":\"https:\/\/sente.pl\/blog\/\",\"name\":\"Blog Sente\",\"description\":\"Portal wiedzy o efektywno\u015bci w firmach handlowych i produkcyjnych.\",\"publisher\":{\"@id\":\"https:\/\/sente.pl\/blog\/#organization\"},\"potentialAction\":[{\"@type\":\"SearchAction\",\"target\":{\"@type\":\"EntryPoint\",\"urlTemplate\":\"https:\/\/sente.pl\/blog\/?s={search_term_string}\"},\"query-input\":{\"@type\":\"PropertyValueSpecification\",\"valueRequired\":true,\"valueName\":\"search_term_string\"}}],\"inLanguage\":\"pl-PL\"},{\"@type\":\"Organization\",\"@id\":\"https:\/\/sente.pl\/blog\/#organization\",\"name\":\"SENTE S.A.\",\"alternateName\":\"Sente\",\"url\":\"https:\/\/sente.pl\/blog\/\",\"logo\":{\"@type\":\"ImageObject\",\"inLanguage\":\"pl-PL\",\"@id\":\"https:\/\/sente.pl\/blog\/#\/schema\/logo\/image\/\",\"url\":\"https:\/\/sente.pl\/blog\/wp-content\/uploads\/sites\/2\/2023\/09\/logo_black_5_@svg-svg-1.jpg\",\"contentUrl\":\"https:\/\/sente.pl\/blog\/wp-content\/uploads\/sites\/2\/2023\/09\/logo_black_5_@svg-svg-1.jpg\",\"width\":696,\"height\":696,\"caption\":\"SENTE S.A.\"},\"image\":{\"@id\":\"https:\/\/sente.pl\/blog\/#\/schema\/logo\/image\/\"}},{\"@type\":\"Person\",\"@id\":\"https:\/\/sente.pl\/blog\/#\/schema\/person\/9873abf1b348919b5a4b56a2f0355412\",\"name\":\"Julia Wlaz\u0142o\",\"image\":{\"@type\":\"ImageObject\",\"inLanguage\":\"pl-PL\",\"@id\":\"https:\/\/sente.pl\/blog\/#\/schema\/person\/image\/\",\"url\":\"https:\/\/secure.gravatar.com\/avatar\/a03d187e4e58fa7668fd6b6d841a86f04d8a7a7a75d8af9b804583a23f49886c?s=96&d=mm&r=g\",\"contentUrl\":\"https:\/\/secure.gravatar.com\/avatar\/a03d187e4e58fa7668fd6b6d841a86f04d8a7a7a75d8af9b804583a23f49886c?s=96&d=mm&r=g\",\"caption\":\"Julia Wlaz\u0142o\"},\"url\":\"https:\/\/sente.pl\/blog\/author\/julia\/\"}]}<\/script>\n<!-- \/ Yoast SEO Premium plugin. -->","yoast_head_json":{"title":"JPK_V7 \u2013 kogo obowi\u0105zuje i jakie zmiany wprowadzi? \u2013 blog Sente","description":"JPK_V7 to nowy spos\u00f3b rozliczania VATu, kt\u00f3rych zast\u0105pi dotychczas obowi\u0105zuj\u0105ce deklaracje. Sprawd\u017a od kiedy wchodzi w \u017cycie i kogo b\u0119dzie dotyczy\u0107.","robots":{"index":"index","follow":"follow","max-snippet":"max-snippet:-1","max-image-preview":"max-image-preview:large","max-video-preview":"max-video-preview:-1"},"canonical":"https:\/\/sente.pl\/blog\/jpk_v7-kogo-obowiazuje-i-jakie-istotne-zmiany-wprowadzi\/","og_locale":"pl_PL","og_type":"article","og_title":"JPK_V7 \u2013 kogo obowi\u0105zuje i jakie istotne zmiany wprowadzi? \u2013 blog Sente","og_description":"JPK_V7 to nowy spos\u00f3b rozliczania VATu, kt\u00f3rych zast\u0105pi dotychczas obowi\u0105zuj\u0105ce deklaracje. Sprawd\u017a od kiedy wchodzi w \u017cycie i kogo b\u0119dzie dotyczy\u0107.","og_url":"https:\/\/sente.pl\/blog\/jpk_v7-kogo-obowiazuje-i-jakie-istotne-zmiany-wprowadzi\/","og_site_name":"Blog Sente","article_published_time":"2020-01-23T07:38:13+00:00","article_modified_time":"2023-03-10T15:25:44+00:00","og_image":[{"width":2560,"height":1707,"url":"https:\/\/sente.pl\/blog\/wp-content\/uploads\/sites\/2\/2020\/01\/jpk-vat7-scaled-1.jpeg","type":"image\/jpeg"}],"author":"Julia Wlaz\u0142o","twitter_card":"summary_large_image","twitter_title":"JPK_V7 \u2013 kogo obowi\u0105zuje i jakie istotne zmiany wprowadzi?","twitter_misc":{"Napisane przez":"Julia Wlaz\u0142o","Szacowany czas czytania":"2 minuty"},"schema":{"@context":"https:\/\/schema.org","@graph":[{"@type":"Article","@id":"https:\/\/sente.pl\/blog\/jpk_v7-kogo-obowiazuje-i-jakie-istotne-zmiany-wprowadzi\/#article","isPartOf":{"@id":"https:\/\/sente.pl\/blog\/jpk_v7-kogo-obowiazuje-i-jakie-istotne-zmiany-wprowadzi\/"},"author":{"name":"Julia Wlaz\u0142o","@id":"https:\/\/sente.pl\/blog\/#\/schema\/person\/9873abf1b348919b5a4b56a2f0355412"},"headline":"JPK_V7 \u2013 kogo obowi\u0105zuje i jakie istotne zmiany wprowadzi?","datePublished":"2020-01-23T07:38:13+00:00","dateModified":"2023-03-10T15:25:44+00:00","mainEntityOfPage":{"@id":"https:\/\/sente.pl\/blog\/jpk_v7-kogo-obowiazuje-i-jakie-istotne-zmiany-wprowadzi\/"},"wordCount":495,"commentCount":0,"publisher":{"@id":"https:\/\/sente.pl\/blog\/#organization"},"image":{"@id":"https:\/\/sente.pl\/blog\/jpk_v7-kogo-obowiazuje-i-jakie-istotne-zmiany-wprowadzi\/#primaryimage"},"thumbnailUrl":"https:\/\/sente.pl\/blog\/wp-content\/uploads\/sites\/2\/2020\/01\/jpk-vat7-scaled-1.jpeg","keywords":["HOME"],"articleSection":["ERP"],"inLanguage":"pl-PL","potentialAction":[{"@type":"CommentAction","name":"Comment","target":["https:\/\/sente.pl\/blog\/jpk_v7-kogo-obowiazuje-i-jakie-istotne-zmiany-wprowadzi\/#respond"]}]},{"@type":"WebPage","@id":"https:\/\/sente.pl\/blog\/jpk_v7-kogo-obowiazuje-i-jakie-istotne-zmiany-wprowadzi\/","url":"https:\/\/sente.pl\/blog\/jpk_v7-kogo-obowiazuje-i-jakie-istotne-zmiany-wprowadzi\/","name":"JPK_V7 \u2013 kogo obowi\u0105zuje i jakie zmiany wprowadzi? \u2013 blog Sente","isPartOf":{"@id":"https:\/\/sente.pl\/blog\/#website"},"primaryImageOfPage":{"@id":"https:\/\/sente.pl\/blog\/jpk_v7-kogo-obowiazuje-i-jakie-istotne-zmiany-wprowadzi\/#primaryimage"},"image":{"@id":"https:\/\/sente.pl\/blog\/jpk_v7-kogo-obowiazuje-i-jakie-istotne-zmiany-wprowadzi\/#primaryimage"},"thumbnailUrl":"https:\/\/sente.pl\/blog\/wp-content\/uploads\/sites\/2\/2020\/01\/jpk-vat7-scaled-1.jpeg","datePublished":"2020-01-23T07:38:13+00:00","dateModified":"2023-03-10T15:25:44+00:00","description":"JPK_V7 to nowy spos\u00f3b rozliczania VATu, kt\u00f3rych zast\u0105pi dotychczas obowi\u0105zuj\u0105ce deklaracje. Sprawd\u017a od kiedy wchodzi w \u017cycie i kogo b\u0119dzie dotyczy\u0107.","breadcrumb":{"@id":"https:\/\/sente.pl\/blog\/jpk_v7-kogo-obowiazuje-i-jakie-istotne-zmiany-wprowadzi\/#breadcrumb"},"inLanguage":"pl-PL","potentialAction":[{"@type":"ReadAction","target":["https:\/\/sente.pl\/blog\/jpk_v7-kogo-obowiazuje-i-jakie-istotne-zmiany-wprowadzi\/"]}]},{"@type":"ImageObject","inLanguage":"pl-PL","@id":"https:\/\/sente.pl\/blog\/jpk_v7-kogo-obowiazuje-i-jakie-istotne-zmiany-wprowadzi\/#primaryimage","url":"https:\/\/sente.pl\/blog\/wp-content\/uploads\/sites\/2\/2020\/01\/jpk-vat7-scaled-1.jpeg","contentUrl":"https:\/\/sente.pl\/blog\/wp-content\/uploads\/sites\/2\/2020\/01\/jpk-vat7-scaled-1.jpeg","width":2560,"height":1707,"caption":"JPK_V7 zmiany prawne"},{"@type":"BreadcrumbList","@id":"https:\/\/sente.pl\/blog\/jpk_v7-kogo-obowiazuje-i-jakie-istotne-zmiany-wprowadzi\/#breadcrumb","itemListElement":[{"@type":"ListItem","position":1,"name":"Strona g\u0142\u00f3wna","item":"https:\/\/sente.pl\/blog\/"},{"@type":"ListItem","position":2,"name":"JPK_V7 \u2013 kogo obowi\u0105zuje i jakie istotne zmiany wprowadzi?"}]},{"@type":"WebSite","@id":"https:\/\/sente.pl\/blog\/#website","url":"https:\/\/sente.pl\/blog\/","name":"Blog Sente","description":"Portal wiedzy o efektywno\u015bci w firmach handlowych i produkcyjnych.","publisher":{"@id":"https:\/\/sente.pl\/blog\/#organization"},"potentialAction":[{"@type":"SearchAction","target":{"@type":"EntryPoint","urlTemplate":"https:\/\/sente.pl\/blog\/?s={search_term_string}"},"query-input":{"@type":"PropertyValueSpecification","valueRequired":true,"valueName":"search_term_string"}}],"inLanguage":"pl-PL"},{"@type":"Organization","@id":"https:\/\/sente.pl\/blog\/#organization","name":"SENTE S.A.","alternateName":"Sente","url":"https:\/\/sente.pl\/blog\/","logo":{"@type":"ImageObject","inLanguage":"pl-PL","@id":"https:\/\/sente.pl\/blog\/#\/schema\/logo\/image\/","url":"https:\/\/sente.pl\/blog\/wp-content\/uploads\/sites\/2\/2023\/09\/logo_black_5_@svg-svg-1.jpg","contentUrl":"https:\/\/sente.pl\/blog\/wp-content\/uploads\/sites\/2\/2023\/09\/logo_black_5_@svg-svg-1.jpg","width":696,"height":696,"caption":"SENTE S.A."},"image":{"@id":"https:\/\/sente.pl\/blog\/#\/schema\/logo\/image\/"}},{"@type":"Person","@id":"https:\/\/sente.pl\/blog\/#\/schema\/person\/9873abf1b348919b5a4b56a2f0355412","name":"Julia Wlaz\u0142o","image":{"@type":"ImageObject","inLanguage":"pl-PL","@id":"https:\/\/sente.pl\/blog\/#\/schema\/person\/image\/","url":"https:\/\/secure.gravatar.com\/avatar\/a03d187e4e58fa7668fd6b6d841a86f04d8a7a7a75d8af9b804583a23f49886c?s=96&d=mm&r=g","contentUrl":"https:\/\/secure.gravatar.com\/avatar\/a03d187e4e58fa7668fd6b6d841a86f04d8a7a7a75d8af9b804583a23f49886c?s=96&d=mm&r=g","caption":"Julia Wlaz\u0142o"},"url":"https:\/\/sente.pl\/blog\/author\/julia\/"}]}},"_links":{"self":[{"href":"https:\/\/sente.pl\/blog\/wp-json\/wp\/v2\/posts\/1447","targetHints":{"allow":["GET"]}}],"collection":[{"href":"https:\/\/sente.pl\/blog\/wp-json\/wp\/v2\/posts"}],"about":[{"href":"https:\/\/sente.pl\/blog\/wp-json\/wp\/v2\/types\/post"}],"author":[{"embeddable":true,"href":"https:\/\/sente.pl\/blog\/wp-json\/wp\/v2\/users\/30"}],"replies":[{"embeddable":true,"href":"https:\/\/sente.pl\/blog\/wp-json\/wp\/v2\/comments?post=1447"}],"version-history":[{"count":2,"href":"https:\/\/sente.pl\/blog\/wp-json\/wp\/v2\/posts\/1447\/revisions"}],"predecessor-version":[{"id":3854,"href":"https:\/\/sente.pl\/blog\/wp-json\/wp\/v2\/posts\/1447\/revisions\/3854"}],"wp:featuredmedia":[{"embeddable":true,"href":"https:\/\/sente.pl\/blog\/wp-json\/wp\/v2\/media\/1449"}],"wp:attachment":[{"href":"https:\/\/sente.pl\/blog\/wp-json\/wp\/v2\/media?parent=1447"}],"wp:term":[{"taxonomy":"category","embeddable":true,"href":"https:\/\/sente.pl\/blog\/wp-json\/wp\/v2\/categories?post=1447"}],"curies":[{"name":"wp","href":"https:\/\/api.w.org\/{rel}","templated":true}]}}